{"id":5383,"date":"2024-12-26T12:10:33","date_gmt":"2024-12-26T11:10:33","guid":{"rendered":"https:\/\/goelden.online\/?p=5383"},"modified":"2026-03-08T19:27:39","modified_gmt":"2026-03-08T18:27:39","slug":"postversand-verlangsamt-sich-und-wird-teurer","status":"publish","type":"post","link":"https:\/\/goelden.online\/index.php\/2024\/12\/26\/postversand-verlangsamt-sich-und-wird-teurer\/","title":{"rendered":"Postversand verlangsamt sich und wird teurer"},"content":{"rendered":"\n<p class=\"has-text-align-center has-small-font-size wp-block-paragraph\">Bild: B.G\u00f6lden\/KI<\/p>\n\n\n\n<p class=\"wp-block-paragraph\" style=\"font-size:21px\"><strong>Wer t\u00e4glich in seinen Briefkasten guckt, der wird ihn k\u00fcnftig h\u00e4ufiger leer vorfinden. Denn die Post stellt ihr Zustellsystem um: Ihre Postboten werden seltener am Briefkasten auftauchen als zuvor.<\/strong><\/p>\n\n\n\n<p class=\"wp-block-paragraph\" style=\"font-size:21px\">Bonn&nbsp;(dpa) &#8211; Wer in&nbsp;Deutschland&nbsp;einen Brief verschickt, der muss sich ab dem neuen Jahr etwas mehr in Geduld \u00fcben als fr\u00fcher &#8211; und daf\u00fcr wegen einer zeitgleich greifenden Portoerh\u00f6hung mehr Geld ausgeben.&nbsp;<\/p>\n\n\n\n<p class=\"wp-block-paragraph\" style=\"font-size:21px\">Zum Jahreswechsel tritt eine gesetzliche Regelung in Kraft, der zufolge die&nbsp;Deutsche Post&nbsp;die allermeisten Briefe &#8211; und zwar 95 Prozent &#8211; erst am dritten Werktag nach Einwurf des Briefs beim Adressaten abgegeben haben muss.<\/p>\n\n\n\n<p class=\"wp-block-paragraph\" style=\"font-size:21px\">Der alte Pflichtwert, wonach 80 Prozent der heute eingeworfenen Menge schon am n\u00e4chsten Werktag da sein m\u00fcssen, ist Geschichte. Die Deutsche Post, wie das Briefgesch\u00e4ft des Logistikriesen&nbsp;DHL&nbsp;hei\u00dft, kann wegen des verminderten Zeitdrucks Kosten senken.&nbsp;<\/p>\n\n\n\n<p class=\"wp-block-paragraph\" style=\"font-size:21px\">Der Bonner Konzern verlangsamt seine Zustellabl\u00e4ufe aber nicht sofort, sondern schrittweise bis Ende 2026 oder Anfang 2027 &#8211; erst dann sollen die Abl\u00e4ufe den neuen Vorgaben entsprechen, dann d\u00fcrften also die allermeisten Briefe erst nach drei Tagen angekommen sein.<\/p>\n\n\n\n<h2 class=\"wp-block-heading\">Briefversand dauert vorerst zwei Werktage<\/h2>\n\n\n\n<p class=\"wp-block-paragraph\" style=\"font-size:21px\">Auf dem Weg dahin ist 2025 f\u00fcr die Post ein \u00dcbergangsjahr. \u00abDie Mindestvorgaben des neuen Postgesetzes zur Brieflaufzeit werden wir noch gar nicht aussch\u00f6pfen\u00bb, sagt der Produktchef der&nbsp;Deutschen Post, Benjamin Rasch. \u00abBriefe werden k\u00fcnftig in der Regel am zweiten Tag nach der Einlieferung beim Empf\u00e4nger ankommen, also einen Tag sp\u00e4ter als bisher.\u00bb<\/p>\n\n\n\n<p class=\"wp-block-paragraph\" style=\"font-size:21px\">Der Manager betont, dass es Kunden beim Briefversand in erster Linie um Zuverl\u00e4ssigkeit gehe und nicht um Geschwindigkeit. Alles in allem werde sich f\u00fcr Verbraucherinnen und Verbraucher beim Briefversand 2025 gar nicht so viel \u00e4ndern.&nbsp;<\/p>\n\n\n\n<p class=\"wp-block-paragraph\" style=\"font-size:21px\">Separat zur Post von Privatleuten gibt es Firmenkundenpost. In diesem Marktsegment haben bestimmte Firmenkunden weiterhin Vertr\u00e4ge, denen zufolge ihre Schrifts\u00e4tze &#8211; etwa wichtige Versicherungsdokumente oder Bankunterlagen &#8211; im Regelfall schon am n\u00e4chsten Werktag beim Empf\u00e4nger sind. Andere Firmenpost, die weniger zeitkritisch ist, braucht l\u00e4nger.<\/p>\n\n\n\n<h2 class=\"wp-block-heading\">Briefkasten wird h\u00e4ufiger leer sein<\/h2>\n\n\n\n<p class=\"wp-block-paragraph\" style=\"font-size:21px\">F\u00fcr Verbraucherinnen und Verbraucher bedeuten die \u00c4nderungen, dass ihr Briefkasten im kommenden Jahr im Schnitt h\u00e4ufiger leer sein wird als zuvor. Denn die Post flexibilisiert ihr Zustellsystem: Wenn ihr IT-System erkennt, dass ein Verbraucher beispielsweise an einem Dienstag einen Brief bekommen soll und am darauffolgenden Mittwoch einen weiteren Brief, so wird der erste Brief zur\u00fcckgehalten und erst mit dem zweiten Brief am Mittwoch zugestellt.<\/p>\n\n\n\n<p class=\"wp-block-paragraph\" style=\"font-size:21px\">Dadurch kann sich der Brieftr\u00e4ger den Weg zum Briefkasten einmal sparen &#8211; er muss also weniger Zeit investieren, um diese zwei Briefe einzuwerfen. Diese flexible Zustellung wird schrittweise ausgebaut.&nbsp;<\/p>\n\n\n\n<p class=\"wp-block-paragraph\" style=\"font-size:21px\">Der neuen Gesetzesvorschrift zufolge ist es erlaubt, dass jeweils ein Brief am Dienstag, Mittwoch und Donnerstag geb\u00fcndelt als drei Briefe am selben Tag &#8211; in diesem Beispiel am Donnerstag &#8211; zugestellt werden.<\/p>\n\n\n\n<h2 class=\"wp-block-heading\">Eilige Briefe werden als Einschreiben versandt<\/h2>\n\n\n\n<p class=\"wp-block-paragraph\" style=\"font-size:21px\">Wer es eilig hat, etwa bei sp\u00e4t abgegebener Geburtstagspost, der hat trotz der Systemumstellung auch k\u00fcnftig gute Chancen auf eine baldige Zustellung. Daf\u00fcr muss er allerdings ein Einschreiben aufgeben, was in den meisten F\u00e4llen schon am n\u00e4chsten Werktag beim Empf\u00e4nger sein soll.&nbsp;<\/p>\n\n\n\n<p class=\"wp-block-paragraph\" style=\"font-size:21px\">Das kostet 2,35 Euro mehr als ein normaler Brief, also insgesamt 3,30 Euro: Das Porto eines normalen, bis zu 20 Gramm schweren Briefs &#8211; eines Standardbriefs &#8211; steigt zum Jahreswechsel von 85 auf 95 Cent.&nbsp;<\/p>\n\n\n\n<p class=\"wp-block-paragraph\" style=\"font-size:21px\">Der Preis f\u00fcr den Versand von anderen Briefarten und DHL-Paketen erh\u00f6ht sich ebenfalls. Wer noch alte Briefmarken hat, kann diese weiter benutzen &#8211; sie bleiben g\u00fcltig, die Sendungen m\u00fcssen aber zus\u00e4tzlich frankiert werden.<\/p>\n\n\n\n<p class=\"wp-block-paragraph\" style=\"font-size:21px\">Wir sagen dazu: Im neuen Jahr schwach angefangen, um dann stark nachzulassen.<\/p>\n\n\n\n<p class=\"wp-block-paragraph\" style=\"font-size:12px\">Quelle: RON.de<\/p>\n","protected":false},"excerpt":{"rendered":"<p>Bild: B.G\u00f6lden\/KI Wer t\u00e4glich in seinen Briefkasten guckt, der wird ihn k\u00fcnftig h\u00e4ufiger leer vorfinden. Denn die Post stellt ihr Zustellsystem um: Ihre Postboten werden seltener am Briefkasten auftauchen als zuvor. Bonn&nbsp;(dpa) &#8211; Wer in&nbsp;Deutschland&nbsp;einen Brief verschickt, der muss sich ab dem neuen Jahr etwas mehr in Geduld \u00fcben als fr\u00fcher &#8211; und daf\u00fcr wegen&hellip; <br \/> <a class=\"read-more\" href=\"https:\/\/goelden.online\/index.php\/2024\/12\/26\/postversand-verlangsamt-sich-und-wird-teurer\/\">Weiterlesen<\/a><\/p>\n","protected":false},"author":1,"featured_media":5579,"comment_status":"open","ping_status":"open","sticky":false,"template":"","format":"standard","meta":{"_eb_attr":"","_crdt_document":"","_joinchat":[],"footnotes":""},"categories":[11],"tags":[412,411],"class_list":["post-5383","post","type-post","status-publish","format-standard","has-post-thumbnail","hentry","category-politik-und-zeitgeschehen","tag-dhl","tag-post"],"featured_image_src":"https:\/\/goelden.online\/wp-content\/uploads\/2024\/12\/Gemini_Generated_Image_Postversand-x800.jpg","author_info":{"display_name":"Bernd G\u00f6lden","author_link":"https:\/\/goelden.online\/index.php\/author\/goelden-online\/"},"yoast_head":"<!-- This site is optimized with the Yoast SEO plugin v27.5 - https:\/\/yoast.com\/product\/yoast-seo-wordpress\/ -->\n<title>Postversand verlangsamt sich und wird teurer - Goelden Online<\/title>\n<meta name=\"description\" content=\"Wer t\u00e4glich in seinen Briefkasten guckt, der wird ihn k\u00fcnftig h\u00e4ufiger leer vorfinden. Denn die Post stellt ihr Zustellsystem um.\" \/>\n<meta name=\"robots\" content=\"index, follow, max-snippet:-1, max-image-preview:large, max-video-preview:-1\" \/>\n<link rel=\"canonical\" href=\"https:\/\/goelden.online\/index.php\/2024\/12\/26\/postversand-verlangsamt-sich-und-wird-teurer\/\" \/>\n<meta property=\"og:locale\" content=\"de_DE\" \/>\n<meta property=\"og:type\" content=\"article\" \/>\n<meta property=\"og:title\" content=\"Postversand verlangsamt sich und wird teurer - Goelden Online\" \/>\n<meta property=\"og:description\" content=\"Wer t\u00e4glich in seinen Briefkasten guckt, der wird ihn k\u00fcnftig h\u00e4ufiger leer vorfinden. Denn die Post stellt ihr Zustellsystem um.\" \/>\n<meta property=\"og:url\" content=\"https:\/\/goelden.online\/index.php\/2024\/12\/26\/postversand-verlangsamt-sich-und-wird-teurer\/\" \/>\n<meta property=\"og:site_name\" content=\"Goelden Online\" \/>\n<meta property=\"article:published_time\" content=\"2024-12-26T11:10:33+00:00\" \/>\n<meta property=\"article:modified_time\" content=\"2026-03-08T18:27:39+00:00\" \/>\n<meta property=\"og:image\" content=\"https:\/\/goelden.online\/wp-content\/uploads\/2024\/12\/Gemini_Generated_Image_Postversand-x800.jpg\" \/>\n\t<meta property=\"og:image:width\" content=\"800\" \/>\n\t<meta property=\"og:image:height\" content=\"436\" \/>\n\t<meta property=\"og:image:type\" content=\"image\/jpeg\" \/>\n<meta name=\"author\" content=\"Bernd G\u00f6lden\" \/>\n<meta name=\"twitter:card\" content=\"summary_large_image\" \/>\n<meta name=\"twitter:label1\" content=\"Geschrieben von\" \/>\n\t<meta name=\"twitter:data1\" content=\"Bernd G\u00f6lden\" \/>\n\t<meta name=\"twitter:label2\" content=\"Gesch\u00e4tzte Lesezeit\" \/>\n\t<meta name=\"twitter:data2\" content=\"4\u00a0Minuten\" \/>\n<script type=\"application\/ld+json\" class=\"yoast-schema-graph\">{\"@context\":\"https:\\\/\\\/schema.org\",\"@graph\":[{\"@type\":\"Article\",\"@id\":\"https:\\\/\\\/goelden.online\\\/index.php\\\/2024\\\/12\\\/26\\\/postversand-verlangsamt-sich-und-wird-teurer\\\/#article\",\"isPartOf\":{\"@id\":\"https:\\\/\\\/goelden.online\\\/index.php\\\/2024\\\/12\\\/26\\\/postversand-verlangsamt-sich-und-wird-teurer\\\/\"},\"author\":{\"name\":\"Bernd G\u00f6lden\",\"@id\":\"https:\\\/\\\/goelden.online\\\/#\\\/schema\\\/person\\\/4b71ff8873dfec462356453a22d0855b\"},\"headline\":\"Postversand verlangsamt sich und wird teurer\",\"datePublished\":\"2024-12-26T11:10:33+00:00\",\"dateModified\":\"2026-03-08T18:27:39+00:00\",\"mainEntityOfPage\":{\"@id\":\"https:\\\/\\\/goelden.online\\\/index.php\\\/2024\\\/12\\\/26\\\/postversand-verlangsamt-sich-und-wird-teurer\\\/\"},\"wordCount\":627,\"commentCount\":0,\"publisher\":{\"@id\":\"https:\\\/\\\/goelden.online\\\/#\\\/schema\\\/person\\\/4b71ff8873dfec462356453a22d0855b\"},\"image\":{\"@id\":\"https:\\\/\\\/goelden.online\\\/index.php\\\/2024\\\/12\\\/26\\\/postversand-verlangsamt-sich-und-wird-teurer\\\/#primaryimage\"},\"thumbnailUrl\":\"https:\\\/\\\/goelden.online\\\/wp-content\\\/uploads\\\/2024\\\/12\\\/Gemini_Generated_Image_Postversand-x800.jpg\",\"keywords\":[\"DHL\",\"Post\"],\"articleSection\":[\"Politik und Zeitgeschehen\"],\"inLanguage\":\"de\",\"potentialAction\":[{\"@type\":\"CommentAction\",\"name\":\"Comment\",\"target\":[\"https:\\\/\\\/goelden.online\\\/index.php\\\/2024\\\/12\\\/26\\\/postversand-verlangsamt-sich-und-wird-teurer\\\/#respond\"]}]},{\"@type\":\"WebPage\",\"@id\":\"https:\\\/\\\/goelden.online\\\/index.php\\\/2024\\\/12\\\/26\\\/postversand-verlangsamt-sich-und-wird-teurer\\\/\",\"url\":\"https:\\\/\\\/goelden.online\\\/index.php\\\/2024\\\/12\\\/26\\\/postversand-verlangsamt-sich-und-wird-teurer\\\/\",\"name\":\"Postversand verlangsamt sich und wird teurer - Goelden Online\",\"isPartOf\":{\"@id\":\"https:\\\/\\\/goelden.online\\\/#website\"},\"primaryImageOfPage\":{\"@id\":\"https:\\\/\\\/goelden.online\\\/index.php\\\/2024\\\/12\\\/26\\\/postversand-verlangsamt-sich-und-wird-teurer\\\/#primaryimage\"},\"image\":{\"@id\":\"https:\\\/\\\/goelden.online\\\/index.php\\\/2024\\\/12\\\/26\\\/postversand-verlangsamt-sich-und-wird-teurer\\\/#primaryimage\"},\"thumbnailUrl\":\"https:\\\/\\\/goelden.online\\\/wp-content\\\/uploads\\\/2024\\\/12\\\/Gemini_Generated_Image_Postversand-x800.jpg\",\"datePublished\":\"2024-12-26T11:10:33+00:00\",\"dateModified\":\"2026-03-08T18:27:39+00:00\",\"description\":\"Wer t\u00e4glich in seinen Briefkasten guckt, der wird ihn k\u00fcnftig h\u00e4ufiger leer vorfinden. Denn die Post stellt ihr Zustellsystem um.\",\"breadcrumb\":{\"@id\":\"https:\\\/\\\/goelden.online\\\/index.php\\\/2024\\\/12\\\/26\\\/postversand-verlangsamt-sich-und-wird-teurer\\\/#breadcrumb\"},\"inLanguage\":\"de\",\"potentialAction\":[{\"@type\":\"ReadAction\",\"target\":[\"https:\\\/\\\/goelden.online\\\/index.php\\\/2024\\\/12\\\/26\\\/postversand-verlangsamt-sich-und-wird-teurer\\\/\"]}]},{\"@type\":\"ImageObject\",\"inLanguage\":\"de\",\"@id\":\"https:\\\/\\\/goelden.online\\\/index.php\\\/2024\\\/12\\\/26\\\/postversand-verlangsamt-sich-und-wird-teurer\\\/#primaryimage\",\"url\":\"https:\\\/\\\/goelden.online\\\/wp-content\\\/uploads\\\/2024\\\/12\\\/Gemini_Generated_Image_Postversand-x800.jpg\",\"contentUrl\":\"https:\\\/\\\/goelden.online\\\/wp-content\\\/uploads\\\/2024\\\/12\\\/Gemini_Generated_Image_Postversand-x800.jpg\",\"width\":800,\"height\":436,\"caption\":\"Bild: B.G\u00f6lden\\\/GeminiKI\"},{\"@type\":\"BreadcrumbList\",\"@id\":\"https:\\\/\\\/goelden.online\\\/index.php\\\/2024\\\/12\\\/26\\\/postversand-verlangsamt-sich-und-wird-teurer\\\/#breadcrumb\",\"itemListElement\":[{\"@type\":\"ListItem\",\"position\":1,\"name\":\"Startseite\",\"item\":\"https:\\\/\\\/goelden.online\\\/\"},{\"@type\":\"ListItem\",\"position\":2,\"name\":\"Postversand verlangsamt sich und wird teurer\"}]},{\"@type\":\"WebSite\",\"@id\":\"https:\\\/\\\/goelden.online\\\/#website\",\"url\":\"https:\\\/\\\/goelden.online\\\/\",\"name\":\"Goelden Online\",\"description\":\"Die andere Seite\",\"publisher\":{\"@id\":\"https:\\\/\\\/goelden.online\\\/#\\\/schema\\\/person\\\/4b71ff8873dfec462356453a22d0855b\"},\"potentialAction\":[{\"@type\":\"SearchAction\",\"target\":{\"@type\":\"EntryPoint\",\"urlTemplate\":\"https:\\\/\\\/goelden.online\\\/?s={search_term_string}\"},\"query-input\":{\"@type\":\"PropertyValueSpecification\",\"valueRequired\":true,\"valueName\":\"search_term_string\"}}],\"inLanguage\":\"de\"},{\"@type\":[\"Person\",\"Organization\"],\"@id\":\"https:\\\/\\\/goelden.online\\\/#\\\/schema\\\/person\\\/4b71ff8873dfec462356453a22d0855b\",\"name\":\"Bernd G\u00f6lden\",\"image\":{\"@type\":\"ImageObject\",\"inLanguage\":\"de\",\"@id\":\"https:\\\/\\\/goelden.online\\\/wp-content\\\/uploads\\\/2024\\\/01\\\/dieandereseite38.png\",\"url\":\"https:\\\/\\\/goelden.online\\\/wp-content\\\/uploads\\\/2024\\\/01\\\/dieandereseite38.png\",\"contentUrl\":\"https:\\\/\\\/goelden.online\\\/wp-content\\\/uploads\\\/2024\\\/01\\\/dieandereseite38.png\",\"width\":646,\"height\":412,\"caption\":\"Bernd G\u00f6lden\"},\"logo\":{\"@id\":\"https:\\\/\\\/goelden.online\\\/wp-content\\\/uploads\\\/2024\\\/01\\\/dieandereseite38.png\"},\"sameAs\":[\"https:\\\/\\\/goelden.online\"],\"url\":\"https:\\\/\\\/goelden.online\\\/index.php\\\/author\\\/goelden-online\\\/\"}]}<\/script>\n<!-- \/ Yoast SEO plugin. -->","yoast_head_json":{"title":"Postversand verlangsamt sich und wird teurer - Goelden Online","description":"Wer t\u00e4glich in seinen Briefkasten guckt, der wird ihn k\u00fcnftig h\u00e4ufiger leer vorfinden. Denn die Post stellt ihr Zustellsystem um.","robots":{"index":"index","follow":"follow","max-snippet":"max-snippet:-1","max-image-preview":"max-image-preview:large","max-video-preview":"max-video-preview:-1"},"canonical":"https:\/\/goelden.online\/index.php\/2024\/12\/26\/postversand-verlangsamt-sich-und-wird-teurer\/","og_locale":"de_DE","og_type":"article","og_title":"Postversand verlangsamt sich und wird teurer - Goelden Online","og_description":"Wer t\u00e4glich in seinen Briefkasten guckt, der wird ihn k\u00fcnftig h\u00e4ufiger leer vorfinden. Denn die Post stellt ihr Zustellsystem um.","og_url":"https:\/\/goelden.online\/index.php\/2024\/12\/26\/postversand-verlangsamt-sich-und-wird-teurer\/","og_site_name":"Goelden Online","article_published_time":"2024-12-26T11:10:33+00:00","article_modified_time":"2026-03-08T18:27:39+00:00","og_image":[{"width":800,"height":436,"url":"https:\/\/goelden.online\/wp-content\/uploads\/2024\/12\/Gemini_Generated_Image_Postversand-x800.jpg","type":"image\/jpeg"}],"author":"Bernd G\u00f6lden","twitter_card":"summary_large_image","twitter_misc":{"Geschrieben von":"Bernd G\u00f6lden","Gesch\u00e4tzte Lesezeit":"4\u00a0Minuten"},"schema":{"@context":"https:\/\/schema.org","@graph":[{"@type":"Article","@id":"https:\/\/goelden.online\/index.php\/2024\/12\/26\/postversand-verlangsamt-sich-und-wird-teurer\/#article","isPartOf":{"@id":"https:\/\/goelden.online\/index.php\/2024\/12\/26\/postversand-verlangsamt-sich-und-wird-teurer\/"},"author":{"name":"Bernd G\u00f6lden","@id":"https:\/\/goelden.online\/#\/schema\/person\/4b71ff8873dfec462356453a22d0855b"},"headline":"Postversand verlangsamt sich und wird teurer","datePublished":"2024-12-26T11:10:33+00:00","dateModified":"2026-03-08T18:27:39+00:00","mainEntityOfPage":{"@id":"https:\/\/goelden.online\/index.php\/2024\/12\/26\/postversand-verlangsamt-sich-und-wird-teurer\/"},"wordCount":627,"commentCount":0,"publisher":{"@id":"https:\/\/goelden.online\/#\/schema\/person\/4b71ff8873dfec462356453a22d0855b"},"image":{"@id":"https:\/\/goelden.online\/index.php\/2024\/12\/26\/postversand-verlangsamt-sich-und-wird-teurer\/#primaryimage"},"thumbnailUrl":"https:\/\/goelden.online\/wp-content\/uploads\/2024\/12\/Gemini_Generated_Image_Postversand-x800.jpg","keywords":["DHL","Post"],"articleSection":["Politik und Zeitgeschehen"],"inLanguage":"de","potentialAction":[{"@type":"CommentAction","name":"Comment","target":["https:\/\/goelden.online\/index.php\/2024\/12\/26\/postversand-verlangsamt-sich-und-wird-teurer\/#respond"]}]},{"@type":"WebPage","@id":"https:\/\/goelden.online\/index.php\/2024\/12\/26\/postversand-verlangsamt-sich-und-wird-teurer\/","url":"https:\/\/goelden.online\/index.php\/2024\/12\/26\/postversand-verlangsamt-sich-und-wird-teurer\/","name":"Postversand verlangsamt sich und wird teurer - Goelden Online","isPartOf":{"@id":"https:\/\/goelden.online\/#website"},"primaryImageOfPage":{"@id":"https:\/\/goelden.online\/index.php\/2024\/12\/26\/postversand-verlangsamt-sich-und-wird-teurer\/#primaryimage"},"image":{"@id":"https:\/\/goelden.online\/index.php\/2024\/12\/26\/postversand-verlangsamt-sich-und-wird-teurer\/#primaryimage"},"thumbnailUrl":"https:\/\/goelden.online\/wp-content\/uploads\/2024\/12\/Gemini_Generated_Image_Postversand-x800.jpg","datePublished":"2024-12-26T11:10:33+00:00","dateModified":"2026-03-08T18:27:39+00:00","description":"Wer t\u00e4glich in seinen Briefkasten guckt, der wird ihn k\u00fcnftig h\u00e4ufiger leer vorfinden. Denn die Post stellt ihr Zustellsystem um.","breadcrumb":{"@id":"https:\/\/goelden.online\/index.php\/2024\/12\/26\/postversand-verlangsamt-sich-und-wird-teurer\/#breadcrumb"},"inLanguage":"de","potentialAction":[{"@type":"ReadAction","target":["https:\/\/goelden.online\/index.php\/2024\/12\/26\/postversand-verlangsamt-sich-und-wird-teurer\/"]}]},{"@type":"ImageObject","inLanguage":"de","@id":"https:\/\/goelden.online\/index.php\/2024\/12\/26\/postversand-verlangsamt-sich-und-wird-teurer\/#primaryimage","url":"https:\/\/goelden.online\/wp-content\/uploads\/2024\/12\/Gemini_Generated_Image_Postversand-x800.jpg","contentUrl":"https:\/\/goelden.online\/wp-content\/uploads\/2024\/12\/Gemini_Generated_Image_Postversand-x800.jpg","width":800,"height":436,"caption":"Bild: B.G\u00f6lden\/GeminiKI"},{"@type":"BreadcrumbList","@id":"https:\/\/goelden.online\/index.php\/2024\/12\/26\/postversand-verlangsamt-sich-und-wird-teurer\/#breadcrumb","itemListElement":[{"@type":"ListItem","position":1,"name":"Startseite","item":"https:\/\/goelden.online\/"},{"@type":"ListItem","position":2,"name":"Postversand verlangsamt sich und wird teurer"}]},{"@type":"WebSite","@id":"https:\/\/goelden.online\/#website","url":"https:\/\/goelden.online\/","name":"Goelden Online","description":"Die andere Seite","publisher":{"@id":"https:\/\/goelden.online\/#\/schema\/person\/4b71ff8873dfec462356453a22d0855b"},"potentialAction":[{"@type":"SearchAction","target":{"@type":"EntryPoint","urlTemplate":"https:\/\/goelden.online\/?s={search_term_string}"},"query-input":{"@type":"PropertyValueSpecification","valueRequired":true,"valueName":"search_term_string"}}],"inLanguage":"de"},{"@type":["Person","Organization"],"@id":"https:\/\/goelden.online\/#\/schema\/person\/4b71ff8873dfec462356453a22d0855b","name":"Bernd G\u00f6lden","image":{"@type":"ImageObject","inLanguage":"de","@id":"https:\/\/goelden.online\/wp-content\/uploads\/2024\/01\/dieandereseite38.png","url":"https:\/\/goelden.online\/wp-content\/uploads\/2024\/01\/dieandereseite38.png","contentUrl":"https:\/\/goelden.online\/wp-content\/uploads\/2024\/01\/dieandereseite38.png","width":646,"height":412,"caption":"Bernd G\u00f6lden"},"logo":{"@id":"https:\/\/goelden.online\/wp-content\/uploads\/2024\/01\/dieandereseite38.png"},"sameAs":["https:\/\/goelden.online"],"url":"https:\/\/goelden.online\/index.php\/author\/goelden-online\/"}]}},"_links":{"self":[{"href":"https:\/\/goelden.online\/index.php\/wp-json\/wp\/v2\/posts\/5383","targetHints":{"allow":["GET"]}}],"collection":[{"href":"https:\/\/goelden.online\/index.php\/wp-json\/wp\/v2\/posts"}],"about":[{"href":"https:\/\/goelden.online\/index.php\/wp-json\/wp\/v2\/types\/post"}],"author":[{"embeddable":true,"href":"https:\/\/goelden.online\/index.php\/wp-json\/wp\/v2\/users\/1"}],"replies":[{"embeddable":true,"href":"https:\/\/goelden.online\/index.php\/wp-json\/wp\/v2\/comments?post=5383"}],"version-history":[{"count":2,"href":"https:\/\/goelden.online\/index.php\/wp-json\/wp\/v2\/posts\/5383\/revisions"}],"predecessor-version":[{"id":5581,"href":"https:\/\/goelden.online\/index.php\/wp-json\/wp\/v2\/posts\/5383\/revisions\/5581"}],"wp:featuredmedia":[{"embeddable":true,"href":"https:\/\/goelden.online\/index.php\/wp-json\/wp\/v2\/media\/5579"}],"wp:attachment":[{"href":"https:\/\/goelden.online\/index.php\/wp-json\/wp\/v2\/media?parent=5383"}],"wp:term":[{"taxonomy":"category","embeddable":true,"href":"https:\/\/goelden.online\/index.php\/wp-json\/wp\/v2\/categories?post=5383"},{"taxonomy":"post_tag","embeddable":true,"href":"https:\/\/goelden.online\/index.php\/wp-json\/wp\/v2\/tags?post=5383"}],"curies":[{"name":"wp","href":"https:\/\/api.w.org\/{rel}","templated":true}]}}